[{"@context":"https:\/\/schema.org\/","@type":"Article","@id":"https:\/\/www.tukar.cz\/zeny-a-deti\/#Article","mainEntityOfPage":"https:\/\/www.tukar.cz\/zeny-a-deti\/","headline":"\u017deny a d\u011bti","name":"\u017deny a d\u011bti","description":"My \u017eeny to nem\u00e1me v \u017eivot\u011b lehk\u00e9. Proto\u017ee opravdu je mnoho v\u011bc\u00ed, kter\u00e9 mi \u017eeny mus\u00edme zvl\u00e1dat. Tak t\u0159eba hlavn\u011b nap\u0159\u00edklad v prvn\u00ed \u0159ad\u011b je to p\u00e9\u010de o d\u011bti. Proto\u017ee \u00fapln\u011b ka\u017ed\u00fd \u010dlov\u011bk, hlavn\u011b mu\u017ei, si [&hellip;]","datePublished":"2022-04-22","dateModified":"2023-05-02","author":{"@type":"Person","@id":"https:\/\/www.tukar.cz\/author\/#Person","name":"","url":"https:\/\/www.tukar.cz\/author\/","identifier":1,"image":{"@type":"ImageObject","@id":"https:\/\/secure.gravatar.com\/avatar\/087c2e57f451bc02fa8017914855d7c40cf6c7d5dc1637b868e007adc26322d1?s=96&d=mm&r=g","url":"https:\/\/secure.gravatar.com\/avatar\/087c2e57f451bc02fa8017914855d7c40cf6c7d5dc1637b868e007adc26322d1?s=96&d=mm&r=g","height":96,"width":96}},"publisher":{"@type":"Organization","name":"tukar.cz","logo":{"@type":"ImageObject","@id":"\/logo.png","url":"\/logo.png","width":600,"height":60}},"image":{"@type":"ImageObject","@id":"https:\/\/www.tukar.cz\/wp-content\/uploads\/girl-1736419_960_720.jpg","url":"https:\/\/www.tukar.cz\/wp-content\/uploads\/girl-1736419_960_720.jpg","height":0,"width":0},"url":"https:\/\/www.tukar.cz\/zeny-a-deti\/","about":["\u017deny"],"wordCount":455,"articleBody":"My \u017eeny to nem\u00e1me v \u017eivot\u011b lehk\u00e9. Proto\u017ee opravdu je mnoho v\u011bc\u00ed, kter\u00e9 mi \u017eeny mus\u00edme zvl\u00e1dat. Tak t\u0159eba hlavn\u011b nap\u0159\u00edklad v prvn\u00ed \u0159ad\u011b je to p\u00e9\u010de o d\u011bti. Proto\u017ee \u00fapln\u011b ka\u017ed\u00fd \u010dlov\u011bk, hlavn\u011b mu\u017ei, si mysl\u00ed, \u017ee p\u00e9\u010de o d\u011bti je hlavn\u011b pro \u017eeny. \u017de je to \u017eensk\u00e1 z\u00e1le\u017eitost. J\u00e1 si to ale nemysl\u00edm, proto\u017ee p\u0159ece ka\u017ed\u00e9 d\u00edt\u011b si zaslou\u017e\u00ed m\u00edt taky otce. A takov\u00e9ho otce, kter\u00fd se o n\u011b taky star\u00e1. Proto\u017ee nen\u00ed otec jako otec. N\u011bkte\u0159\u00ed p\u00e1nov\u00e9, n\u011bkte\u0159\u00ed otcov\u00e9, se o sv\u00e9 d\u011bti staraj\u00ed pouze tak, \u017ee na n\u011b plat\u00ed pen\u00edze a ob\u010das jednou za rok jim n\u011bco koup\u00ed. A tohle podle m\u011b nen\u00ed \u017e\u00e1dn\u00e1 p\u00e9\u010de ale to sp\u00ed\u0161e jenom takov\u00e9 vykupov\u00e1n\u00ed si d\u011bt\u00ed. Nebo je to takov\u00fd vztah, aby se ne\u0159eklo.Tak\u017ee rad\u011bji n\u011bjak\u00fd mu\u017e rad\u0161i zaplat\u00ed n\u011bjak\u00e9 pen\u00edze nav\u00edc, aby se nemusel obt\u011b\u017eovat s d\u00edt\u011btem. Tak\u017ee my \u017eeny nejsme na tom docela dob\u0159e a samoz\u0159ejm\u011b, \u017ee my \u017eeny sv\u00e9 d\u011bti a milujeme a jsme r\u00e1dy, \u017ee je m\u00e1me u sebe. Ale taky si mus\u00edme p\u0159iznat, \u017ee my \u017eeny taky chceme n\u011bjak\u00fd soukrom\u00fd \u017eivot a \u010das pro sebe. Alespo\u0148 tedy j\u00e1. J\u00e1 moc r\u00e1da chod\u00edm t\u0159eba na mas\u00e1\u017ee anebo ke kosmeti\u010dce. A chod\u00edm tam pouze jednou za dva m\u011bs\u00edce. Bohu\u017eel d\u0159\u00edve \u010dasu nem\u00e1m, proto\u017ee m\u00e1m taky pr\u00e1ci a brig\u00e1du, abych u\u017eivila sv\u00e9 t\u0159i d\u011bti. Nicm\u00e9n\u011b ale zase tak moc si nest\u011b\u017euji, proto\u017ee jsem r\u00e1da za sv\u00e9 d\u011bti, ale taky bych cht\u011bla, aby si je bral jejich otec, ale asi p\u00e9\u010de o d\u011bti je ur\u010dena pouze \u017een\u00e1m. Nev\u00edm pro\u010d j\u00e1,\u00a0ale\u00a0j\u00e1 m\u00e1m sm\u016flu. Nav\u00edc i m\u00e9 d\u011bti. Mez\u00ed m\u011b, kdy\u017e\u00a0jim\u00a0otec\u00a0zavol\u00e1 a sl\u00edb\u00ed jim, \u017ee si pro n\u011b p\u0159ijde a potom to\u00a0samoz\u0159ejm\u011b\u00a0nedodr\u017e\u00ed. V\u017edycky\u00a0mu\u00a0do toho pr\u00fd vleze poh\u0159eb nebo svatba. Je to zaj\u00edmav\u00e9, \u017ee v\u017edycky na posledn\u00ed chv\u00edli. Tak\u017ee my \u017eeny n\u011bkdy mus\u00edme zast\u00e1vat i postaven\u00ed\u00a0psychologa,\u00a0proto\u017ee\u00a0mus\u00edme vysv\u011btlovat d\u011btem, pro\u010d si zase jejich otec pro n\u011b nep\u0159i\u0161el a nevzal je na sl\u00edbenou zoo a na baz\u00e9n. Ani nev\u00edte, jak to pro n\u00e1s \u017eeny mus\u00ed b\u00fdt t\u011b\u017ek\u00e9,\u00a0vid\u011bt\u00a0smutn\u00e9 d\u011bti.                                                                                                                                                                                                                                                                                                                                                                                                "},{"@context":"https:\/\/schema.org\/","@type":"BreadcrumbList","itemListElement":[{"@type":"ListItem","position":1,"name":"\u017deny a d\u011bti","item":"https:\/\/www.tukar.cz\/zeny-a-deti\/#breadcrumbitem"}]}]