[{"@context":"https:\/\/schema.org\/","@type":"Article","@id":"https:\/\/www.tukar.cz\/v-nasich-maskach-vystrasite-opravdu-kazdeho\/#Article","mainEntityOfPage":"https:\/\/www.tukar.cz\/v-nasich-maskach-vystrasite-opravdu-kazdeho\/","headline":"V na\u0161ich mask\u00e1ch vystra\u0161\u00edte opravdu ka\u017ed\u00e9ho","name":"V na\u0161ich mask\u00e1ch vystra\u0161\u00edte opravdu ka\u017ed\u00e9ho","description":"Jdete na ma\u0161karn\u00ed a st\u00e1le nem\u00e1te tu spr\u00e1vnou masku, kter\u00e1 by dok\u00e1zala vystra\u0161it opravdu ka\u017ed\u00e9ho, kdo v\u00e1s spat\u0159\u00ed, a nev\u00edte, kde takovou masku naj\u00edt? My v\u00e1m s\u00a0t\u00edmto probl\u00e9mem snadno porad\u00edme. Jenom u n\u00e1s najdete ten spr\u00e1vn\u00fd [&hellip;]","datePublished":"2024-11-02","dateModified":"2024-11-02","author":{"@type":"Person","@id":"https:\/\/www.tukar.cz\/author\/#Person","name":"","url":"https:\/\/www.tukar.cz\/author\/","identifier":1,"image":{"@type":"ImageObject","@id":"https:\/\/secure.gravatar.com\/avatar\/087c2e57f451bc02fa8017914855d7c40cf6c7d5dc1637b868e007adc26322d1?s=96&d=mm&r=g","url":"https:\/\/secure.gravatar.com\/avatar\/087c2e57f451bc02fa8017914855d7c40cf6c7d5dc1637b868e007adc26322d1?s=96&d=mm&r=g","height":96,"width":96}},"publisher":{"@type":"Organization","name":"tukar.cz","logo":{"@type":"ImageObject","@id":"\/logo.png","url":"\/logo.png","width":600,"height":60}},"url":"https:\/\/www.tukar.cz\/v-nasich-maskach-vystrasite-opravdu-kazdeho\/","wordCount":250,"articleBody":"\tJdete na ma\u0161karn\u00ed a st\u00e1le nem\u00e1te tu spr\u00e1vnou masku, kter\u00e1 by dok\u00e1zala vystra\u0161it opravdu ka\u017ed\u00e9ho, kdo v\u00e1s spat\u0159\u00ed, a nev\u00edte, kde takovou masku naj\u00edt? My v\u00e1m s\u00a0t\u00edmto probl\u00e9mem snadno porad\u00edme. Jenom u n\u00e1s najdete ten spr\u00e1vn\u00fd kost\u00fdm na halloween, kter\u00fdm nejenom osln\u00edte, ale tak\u00e9 vystra\u0161\u00edte opravdu ka\u017ed\u00e9ho \u00fa\u010dastn\u00edka. Party pln\u00e1 stra\u0161ideln\u00fdch p\u0159evlek\u016f bude jenom va\u0161e, a vy budete hv\u011bzdou, kterou bude obdivovat opravdu ka\u017ed\u00fd, tak nev\u00e1hejte a vyberte si masku pr\u00e1v\u011b u n\u00e1s.\tZa\u010dn\u011bte se p\u0159ipravovat na ma\u0161karn\u00ed opravdu pe\u010dliv\u011bP\u0159\u00edpravy na ma\u0161karn\u00ed jsou u v\u00e1s v\u00a0pln\u00e9m proudu, ale st\u00e1le jste nena\u0161li masky, kter\u00e9 by byly pro tuto p\u0159\u00edle\u017eitost opravdu vhodn\u00e9? My v\u00e1m nab\u00edz\u00edme kost\u00fdm na halloween, kter\u00fd se stane t\u00edm nejstra\u0161ideln\u011bj\u0161\u00edm, ale tak\u00e9 nejzaj\u00edmav\u011bj\u0161\u00edm ze v\u0161ech. U n\u00e1s najdete obleky, kter\u00e9 svoj\u00ed p\u0159esv\u011bd\u010divost\u00ed, p\u0159ed\u010d\u00ed v\u0161echny va\u0161e o\u010dek\u00e1v\u00e1n\u00ed. Tak u\u017e na nic ne\u010dekejte a za\u010dn\u011bte se na tak d\u016fle\u017eitou party p\u0159ipravovat opravdu pe\u010dliv\u011b, proto\u017ee my v\u00e1m k\u00a0tomu r\u00e1di pom\u016f\u017eeme. Uvid\u00edte, \u017ee s\u00a0nab\u00eddkou, kterou pro v\u00e1s m\u00e1me p\u0159ipravenou, budete v\u00edce jak spokojeni.                                                                                                                                                                                                                                                                                                                                                                                                "},{"@context":"https:\/\/schema.org\/","@type":"BreadcrumbList","itemListElement":[{"@type":"ListItem","position":1,"name":"V na\u0161ich mask\u00e1ch vystra\u0161\u00edte opravdu ka\u017ed\u00e9ho","item":"https:\/\/www.tukar.cz\/v-nasich-maskach-vystrasite-opravdu-kazdeho\/#breadcrumbitem"}]}]