[{"@context":"https:\/\/schema.org\/","@type":"Article","@id":"https:\/\/www.tukar.cz\/v-lete-i-v-zime-na-hory\/#Article","mainEntityOfPage":"https:\/\/www.tukar.cz\/v-lete-i-v-zime-na-hory\/","headline":"V l\u00e9t\u011b i v zim\u011b na hory","name":"V l\u00e9t\u011b i v zim\u011b na hory","description":"Zima b\u00fdv\u00e1 dlouh\u00e9 obdob\u00ed, s d\u011btmi v\u00edkendy tr\u00e1v\u00edme v dom\u00e1c\u00edm prost\u0159ed\u00ed, aby byly v teple. Ale co si budeme nalh\u00e1vat, vym\u00fd\u0161let programy, kter\u00e9 by je zabavily a vyplnily aktivn\u011b jejich voln\u00fd \u010das, je opravdu n\u011bkdy n\u00e1ro\u010dn\u00e9, [&hellip;]","datePublished":"2023-01-13","dateModified":"2023-05-02","author":{"@type":"Person","@id":"https:\/\/www.tukar.cz\/author\/#Person","name":"","url":"https:\/\/www.tukar.cz\/author\/","identifier":1,"image":{"@type":"ImageObject","@id":"https:\/\/secure.gravatar.com\/avatar\/087c2e57f451bc02fa8017914855d7c40cf6c7d5dc1637b868e007adc26322d1?s=96&d=mm&r=g","url":"https:\/\/secure.gravatar.com\/avatar\/087c2e57f451bc02fa8017914855d7c40cf6c7d5dc1637b868e007adc26322d1?s=96&d=mm&r=g","height":96,"width":96}},"publisher":{"@type":"Organization","name":"tukar.cz","logo":{"@type":"ImageObject","@id":"\/logo.png","url":"\/logo.png","width":600,"height":60}},"image":{"@type":"ImageObject","@id":"https:\/\/www.tukar.cz\/wp-content\/uploads\/lyze_5.jpg","url":"https:\/\/www.tukar.cz\/wp-content\/uploads\/lyze_5.jpg","height":0,"width":0},"url":"https:\/\/www.tukar.cz\/v-lete-i-v-zime-na-hory\/","about":["Podnik\u00e1n\u00ed"],"wordCount":427,"articleBody":"        Zima b\u00fdv\u00e1 dlouh\u00e9 obdob\u00ed, s d\u011btmi v\u00edkendy tr\u00e1v\u00edme v dom\u00e1c\u00edm prost\u0159ed\u00ed, aby byly v teple. Ale co si budeme nalh\u00e1vat, vym\u00fd\u0161let programy, kter\u00e9 by je zabavily a vyplnily aktivn\u011b jejich voln\u00fd \u010das, je opravdu n\u011bkdy n\u00e1ro\u010dn\u00e9, proto rodi\u010de daj\u00ed cokoliv za ka\u017edou p\u0159\u00edle\u017eitost vypadnout z domova a zm\u011bnit prost\u0159ed\u00ed. Pokud je zrovna tohle i v\u00e1\u0161 p\u0159\u00edpad, nev\u00e1hejte, sbalte va\u0161e ly\u017ea\u0159sk\u00e9 vybaven\u00ed a vyrazte do \u010desk\u00fdch hor, kter\u00e9 v\u00e1m maj\u00ed co nab\u00eddnout. D\u011bti zde najdou mnoho vy\u017eit\u00ed a vy kone\u010dn\u011b po letech budete moci t\u0159eba zase opr\u00e1\u0161it va\u0161e b\u011b\u017eka\u0159sk\u00e9 vybaven\u00ed a vyd\u00e1te se na ten prav\u00fd b\u011bh zasn\u011b\u017eenou krajinou. Pokud hled\u00e1te rodinn\u00fd are\u00e1l, kde by se d\u011bti daly d\u00e1t do ly\u017ea\u0159sk\u00e9 \u0161koly, kde by byl snowpark pro va\u0161eho star\u0161\u00edho syna, kter\u00fd si chce u\u017e\u00edvat na snowboardu a ly\u017ee u\u017e d\u00e1vno odlo\u017eil, kde by byla takzvan\u00e1 \u201efun zone\u201c pro v\u0161echny ly\u017ea\u0159e, jak mal\u00e9, tak velk\u00e9, ur\u010dit\u011b budete vd\u011b\u010dn\u00ed za tip na skiresort Doln\u00ed Morava, tedy na Bukovou horu konkr\u00e9tn\u011b. Jedn\u00e1 se o are\u00e1l, kter\u00fd se nach\u00e1z\u00ed mezi \u010cenkovicemi a \u010cervenou Vodou, co\u017e jsou dv\u011b obce nedaleko m\u011bsta Jablonn\u00e9 nad Orlic\u00ed a bl\u00edzko byste m\u011bli pr\u00e1v\u011b i resort Doln\u00ed Morava, kter\u00fd se nach\u00e1z\u00ed kousek za m\u011bstem Kr\u00e1l\u00edky. Prost\u011b ide\u00e1ln\u00ed m\u00edsto pro va\u0161\u00ed zimn\u00ed dovolenou a radov\u00e1nky.Pod\u00edvejte se, co tento are\u00e1l v\u0161echno nab\u00edz\u00ed. Celkov\u00e1 d\u00e9lka sjezdovek nab\u00edz\u00ed a\u017e 8 kilometr\u016f, kter\u00e9 si m\u016f\u017eete u\u017e\u00edt na jeden skipas. Je zde i speci\u00e1ln\u00ed d\u011btsk\u00e1 sjezdovka, kde se ka\u017ed\u00e9 d\u00edt\u011b m\u016f\u017ee nau\u010dit st\u00e1n\u00ed a j\u00edzdu na ly\u017e\u00edch. D\u00e1le je zde Kidpark, co\u017e je p\u0159\u00edmo cvi\u010dn\u00e1 louka pro prvn\u00ed kroky na ly\u017e\u00edch nebo i snowboardu. A dal\u0161\u00ed sjezdovky pro dosp\u011bl\u00e9 nab\u00edz\u00ed modrou a \u010dervenou \u00farove\u0148. Tak\u017ee ide\u00e1ln\u00ed m\u00edsto pro celou rodinu. Nakupte si skipasy dop\u0159edu online a budete je m\u00edt dokonce levn\u011bj\u0161\u00ed! A v\u011bd\u011bli jste, \u017ee toto st\u0159edisko dokonce nab\u00edz\u00ed vyh\u0159\u00edvanou lanovku? Tedy m\u00e1me na mysli seda\u010dku, https:\/\/www.novinky.cz\/bydleni\/tipy-a-trendy\/450916-slozte-si-sedacku-jako-skladacku.html  tak\u017ee v\u00e1m nebude takov\u00e1 zima, a\u017e se budete nech\u00e1vat vyv\u00e1\u017eet nahoru.                                                                                                                                                                                                                                                                                                                                                                                                   "},{"@context":"https:\/\/schema.org\/","@type":"BreadcrumbList","itemListElement":[{"@type":"ListItem","position":1,"name":"V l\u00e9t\u011b i v zim\u011b na hory","item":"https:\/\/www.tukar.cz\/v-lete-i-v-zime-na-hory\/#breadcrumbitem"}]}]