[{"@context":"https:\/\/schema.org\/","@type":"Article","@id":"https:\/\/www.tukar.cz\/prochazka-ruzovym-sadem\/#Article","mainEntityOfPage":"https:\/\/www.tukar.cz\/prochazka-ruzovym-sadem\/","headline":"Proch\u00e1zka r\u016f\u017eov\u00fdm sadem","name":"Proch\u00e1zka r\u016f\u017eov\u00fdm sadem","description":"Za\u017eili jste n\u011bkdy ten pocit, kdy\u017e mus\u00edte r\u00e1no vyt\u00e1hnout nohy z pod vyh\u0159\u00e1t\u00e9 pe\u0159iny a polo\u017eit je na studenou nepohodlnou zem? S n\u00e1mi takov\u00fdm pocit\u016fm m\u016f\u017eete d\u00e1t sbohem. Rozhodn\u011bte se pro zm\u011bnu a vykro\u010dte do nov\u00e9ho [&hellip;]","datePublished":"2024-12-24","dateModified":"2024-12-24","author":{"@type":"Person","@id":"https:\/\/www.tukar.cz\/author\/#Person","name":"","url":"https:\/\/www.tukar.cz\/author\/","identifier":1,"image":{"@type":"ImageObject","@id":"https:\/\/secure.gravatar.com\/avatar\/087c2e57f451bc02fa8017914855d7c40cf6c7d5dc1637b868e007adc26322d1?s=96&d=mm&r=g","url":"https:\/\/secure.gravatar.com\/avatar\/087c2e57f451bc02fa8017914855d7c40cf6c7d5dc1637b868e007adc26322d1?s=96&d=mm&r=g","height":96,"width":96}},"publisher":{"@type":"Organization","name":"tukar.cz","logo":{"@type":"ImageObject","@id":"\/logo.png","url":"\/logo.png","width":600,"height":60}},"url":"https:\/\/www.tukar.cz\/prochazka-ruzovym-sadem\/","wordCount":199,"articleBody":"Za\u017eili jste n\u011bkdy ten pocit, kdy\u017e mus\u00edte r\u00e1no vyt\u00e1hnout nohy z pod vyh\u0159\u00e1t\u00e9 pe\u0159iny a polo\u017eit je na studenou nepohodlnou zem? S n\u00e1mi takov\u00fdm pocit\u016fm m\u016f\u017eete d\u00e1t sbohem. Rozhodn\u011bte se pro zm\u011bnu a vykro\u010dte do nov\u00e9ho dne po povrchu, kter\u00fd Va\u0161im noh\u00e1m bude p\u0159\u00edjemn\u00fd. A\u0165 u\u017e m\u00e1te r\u00e1di hladk\u00fd, chlupat\u00fd nebo p\u0159\u00edrodn\u00ed povrch, podlahy Plze\u0148 V\u00e1m umo\u017en\u00ed c\u00edtit pod nohami to, po \u010dem tou\u017e\u00edte. Projd\u011bte se po r\u00e1nu r\u016f\u017eov\u00fdm sadem p\u0159\u00edmo ve Va\u0161\u00ed lo\u017enici. R\u00e1no za\u010d\u00edn\u00e1 den S jak\u00fdm pocitem vstanete, takov\u00fd bude nejen za\u010d\u00e1tek dne, ale Va\u0161e n\u00e1lada V\u00e1s bude prov\u00e1zet a\u017e do ve\u010dera. Zp\u0159\u00edjemn\u011bte si sv\u016fj \u017eivot a kr\u00e1\u010dejte s \u00fasm\u011bvem na rtech u\u017e od sam\u00e9ho r\u00e1na. Zm\u011bnu poc\u00edt\u00edte Vy, Va\u0161i p\u0159\u00e1tel\u00e9 i \u0161irok\u00e9 okol\u00ed. Spokojenost za\u010d\u00edn\u00e1 doma, v z\u00e1zem\u00ed, do kter\u00e9ho se r\u00e1di vrac\u00edte a \u010derp\u00e1te z n\u011bj energii po n\u00e1ro\u010dn\u00e9m dni.                                                                                                                                                                                                                                                                                                                                                                                                "},{"@context":"https:\/\/schema.org\/","@type":"BreadcrumbList","itemListElement":[{"@type":"ListItem","position":1,"name":"Proch\u00e1zka r\u016f\u017eov\u00fdm sadem","item":"https:\/\/www.tukar.cz\/prochazka-ruzovym-sadem\/#breadcrumbitem"}]}]