[{"@context":"https:\/\/schema.org\/","@type":"Article","@id":"https:\/\/www.tukar.cz\/proc-uzivat-kolagen\/#Article","mainEntityOfPage":"https:\/\/www.tukar.cz\/proc-uzivat-kolagen\/","headline":"Pro\u010d u\u017e\u00edvat kolagen?","name":"Pro\u010d u\u017e\u00edvat kolagen?","description":"Co to vlastn\u011b kolagen je? Jedn\u00e1 se o t\u011blu p\u0159\u00edrodn\u00ed l\u00e1tku, kter\u00e1 se v n\u011bm b\u011b\u017en\u011b vyskytuje, a to nap\u0159\u00edklad v kostech \u010di kloubech. Kolagen tvo\u0159\u00ed z\u00e1klad pro na\u0161e tk\u00e1n\u011b, proto je pro na\u0161e t\u011blo velmi [&hellip;]","datePublished":"2022-08-20","dateModified":"2023-05-02","author":{"@type":"Person","@id":"https:\/\/www.tukar.cz\/author\/#Person","name":"","url":"https:\/\/www.tukar.cz\/author\/","identifier":1,"image":{"@type":"ImageObject","@id":"https:\/\/secure.gravatar.com\/avatar\/087c2e57f451bc02fa8017914855d7c40cf6c7d5dc1637b868e007adc26322d1?s=96&d=mm&r=g","url":"https:\/\/secure.gravatar.com\/avatar\/087c2e57f451bc02fa8017914855d7c40cf6c7d5dc1637b868e007adc26322d1?s=96&d=mm&r=g","height":96,"width":96}},"publisher":{"@type":"Organization","name":"tukar.cz","logo":{"@type":"ImageObject","@id":"\/logo.png","url":"\/logo.png","width":600,"height":60}},"image":{"@type":"ImageObject","@id":"https:\/\/www.tukar.cz\/wp-content\/uploads\/pexels-correxiko-collagen-6475111.jpg","url":"https:\/\/www.tukar.cz\/wp-content\/uploads\/pexels-correxiko-collagen-6475111.jpg","height":0,"width":0},"url":"https:\/\/www.tukar.cz\/proc-uzivat-kolagen\/","about":["Zbo\u017e\u00ed"],"wordCount":385,"articleBody":"   Co to vlastn\u011b kolagen je? Jedn\u00e1 se o t\u011blu p\u0159\u00edrodn\u00ed l\u00e1tku, kter\u00e1 se v n\u011bm b\u011b\u017en\u011b vyskytuje, a to nap\u0159\u00edklad v kostech \u010di kloubech. Kolagen tvo\u0159\u00ed z\u00e1klad pro na\u0161e tk\u00e1n\u011b, proto je pro na\u0161e t\u011blo velmi d\u016fle\u017eit\u00fd. Bohu\u017eel, t\u011blo nen\u00ed schopno si kolagen, respektive jeho dostate\u010dn\u00e9 mno\u017estv\u00ed, vytv\u00e1\u0159et po cel\u00fd \u017eivot samo. Kolem zhruba t\u0159iceti let u\u017e bychom m\u011bli uva\u017eovat o tom, \u017ee budeme do sv\u00e9ho t\u011bla kolagen dod\u00e1vat jinou cestou. M\u016f\u017eete ho u\u017e\u00edvat v mnoha form\u00e1ch, od tabletek a\u017e t\u0159eba p\u0159es kolagen rozpustn\u00fd ve vod\u011b.Kolagen toti\u017e pln\u00ed v na\u0161em t\u011ble v\u00fdznamnou \u00falohu a ovliv\u0148uje spoustu na\u0161ich t\u011bln\u00edch syst\u00e9mu. Prvn\u00ed, co v\u00e1s asi napadne ve spojitosti s kolagenem, jsou kosti. Dostatek kolagenu slou\u017e\u00ed jako prevence proti bolestem kloub\u016f. I pokud c\u00edt\u00edte bolesti p\u0159i pohybu a \u0159\u00edk\u00e1te si, \u017ee je to jist\u011b v\u011bkem, v\u011b\u0159te, \u017ee kolagen v\u00e1s m\u016f\u017ee t\u011bchto bolest\u00ed zbavit. Pokud ale bolesti nep\u0159est\u00e1vaj\u00ed, nespol\u00e9hejte na kolagen a rad\u011bji nav\u0161tivte l\u00e9ka\u0159e, jeliko\u017e za bolest\u00ed m\u016f\u017ee st\u00e1t i jin\u00e9 onemocn\u011bn\u00ed.Dostatek kolagenu slou\u017e\u00ed i jako prevence pro r\u016fzn\u00e1 neurologick\u00e1 onemocn\u011bn\u00ed a probl\u00e9my s pam\u011bt\u00ed. Prokazateln\u011b slou\u017e\u00ed jako prevence proti nap\u0159\u00edklad Alzheimerov\u011b nemoci, p\u0159\u00edpadn\u011b tlum\u00ed jej\u00ed p\u0159\u00edznaky.D\u00edky kolagenu tak\u00e9 budete m\u00edt siln\u011bj\u0161\u00ed a zdrav\u011bj\u0161\u00ed vlasy. Jeliko\u017e kolagen ovliv\u0148uje stav va\u0161\u00ed poko\u017eky a i t\u00e9, z kter\u00e9 vyr\u016fstaj\u00ed vlasy, m\u00e1 vliv na jejich kvalitu. Va\u0161e vlasy budou r\u016fst rychleji a budou p\u016fsobit na prvn\u00ed pohled zdrav\u011bji. To sam\u00e9 plat\u00ed i o va\u0161ich nehtech, kter\u00e9 budou r\u016fst rychleji a budou pevn\u011bj\u0161\u00ed.Kolagen m\u00e1 tak\u00e9 vliv na stav va\u0161\u00ed pleti. http:\/\/institutcitlivepleti.cz\/  Pom\u00e1h\u00e1 poko\u017ece zachovat si mladistv\u00fd vzhled a bude pevn\u011bj\u0161\u00ed a pru\u017en\u011bj\u0161\u00ed. M\u016f\u017ee tedy p\u016fsobit i jako prevence proti vr\u00e1sk\u00e1m. Proto tak\u00e9 spousta kosmetick\u00fdch zna\u010dek p\u0159id\u00e1v\u00e1 kolagen do sv\u00fdch produkt\u016f na ple\u0165, jeliko\u017e v\u011bd\u00ed, \u017ee se jedn\u00e1 o velmi cennou a \u00fa\u010dinnou ingredienci.                                                                                                                                                                                                                                                                                                                                                                                                  "},{"@context":"https:\/\/schema.org\/","@type":"BreadcrumbList","itemListElement":[{"@type":"ListItem","position":1,"name":"Pro\u010d u\u017e\u00edvat kolagen?","item":"https:\/\/www.tukar.cz\/proc-uzivat-kolagen\/#breadcrumbitem"}]}]