[{"@context":"https:\/\/schema.org\/","@type":"Article","@id":"https:\/\/www.tukar.cz\/problemy-v-dnesni-spolecnosti\/#Article","mainEntityOfPage":"https:\/\/www.tukar.cz\/problemy-v-dnesni-spolecnosti\/","headline":"Probl\u00e9my v dne\u0161n\u00ed spole\u010dnosti","name":"Probl\u00e9my v dne\u0161n\u00ed spole\u010dnosti","description":"Probl\u00e9my v na\u0161\u00ed spole\u010dnosti se za\u010daly kupit. Jako nejv\u011bt\u0161\u00ed probl\u00e9m pova\u017euji p\u0159em\u00edru odpadu. Je t\u011b\u017ek\u00e9 s nimi nakl\u00e1dat a m\u00edsta neust\u00e1le ub\u00fdv\u00e1. Je u\u017e d\u00e1vno nemysliteln\u00e9 aby se odpadky skladovaly na dn\u011b mo\u0159\u00ed a oce\u00e1n\u016f. Nebo [&hellip;]","datePublished":"2022-09-09","dateModified":"2023-05-02","author":{"@type":"Person","@id":"https:\/\/www.tukar.cz\/author\/#Person","name":"","url":"https:\/\/www.tukar.cz\/author\/","identifier":1,"image":{"@type":"ImageObject","@id":"https:\/\/secure.gravatar.com\/avatar\/087c2e57f451bc02fa8017914855d7c40cf6c7d5dc1637b868e007adc26322d1?s=96&d=mm&r=g","url":"https:\/\/secure.gravatar.com\/avatar\/087c2e57f451bc02fa8017914855d7c40cf6c7d5dc1637b868e007adc26322d1?s=96&d=mm&r=g","height":96,"width":96}},"publisher":{"@type":"Organization","name":"tukar.cz","logo":{"@type":"ImageObject","@id":"\/logo.png","url":"\/logo.png","width":600,"height":60}},"image":{"@type":"ImageObject","@id":"https:\/\/www.tukar.cz\/wp-content\/uploads\/zemn%C3%AD%20pr%C3%A1ce_8.jpg","url":"https:\/\/www.tukar.cz\/wp-content\/uploads\/zemn%C3%AD%20pr%C3%A1ce_8.jpg","height":0,"width":0},"url":"https:\/\/www.tukar.cz\/problemy-v-dnesni-spolecnosti\/","about":["Spole\u010dnost"],"wordCount":420,"articleBody":"Probl\u00e9my v na\u0161\u00ed spole\u010dnosti se za\u010daly kupit. Jako nejv\u011bt\u0161\u00ed probl\u00e9m pova\u017euji p\u0159em\u00edru odpadu. Je t\u011b\u017ek\u00e9 s nimi nakl\u00e1dat a m\u00edsta neust\u00e1le ub\u00fdv\u00e1. Je u\u017e d\u00e1vno nemysliteln\u00e9 aby se odpadky skladovaly na dn\u011b mo\u0159\u00ed a oce\u00e1n\u016f. Nebo aby neust\u00e1le vznikaly dal\u0161\u00ed a dal\u0161\u00ed \u010dern\u00e9 skl\u00e1dky. P\u0159\u00edroda kv\u016fli tomu trp\u00ed. A je t\u0159eba s t\u00edm n\u011bco ud\u011blat. nesm\u00edme na nic \u010dekat. Je pot\u0159eba zas\u00e1hnout hned. Jedn\u00edm z mo\u017en\u00fdch \u0159e\u0161en\u00ed je regulace odpadu. A tak\u00e9 mus\u00edme za\u010d\u00edt omezovat v\u00fdrobu plastu. Jedn\u00edm z \u0159e\u0161en\u00ed je plastov\u00e9 obaly nekupovat. M\u016f\u017eeme se za\u010d\u00edt zase vracet k pap\u00edrov\u00fdm nebo sklen\u011bn\u00fdm obal\u016fm.Dal\u0161\u00ed mo\u017enost\u00ed jak omezit p\u0159em\u00edru odpad\u016f ve spole\u010dnosti je p\u0159estat pl\u00fdtvat. A to jak potravinami tak i st\u00e1l\u00e9 kupov\u00e1n\u00ed nejnov\u011bj\u0161\u00edch produkt\u016f. Jsme zvykl\u00ed pomalu ka\u017ed\u00fd rok m\u011bnit spot\u0159ebi\u010de a mobiln\u00ed telefony. A tak\u00e9 potraviny by jsme m\u011bli kupovat jen ty, kter\u00e9 opravdu spot\u0159ebujeme. Pou\u017e\u00edvat l\u00e1tkov\u00e9 ta\u0161ky. A vym\u011bnit je za ty plastov\u00e9. To sam\u00e9 plat\u00ed i u pou\u017e\u00edv\u00e1n\u00ed igelitov\u00fdch s\u00e1\u010dk\u016f. M\u016f\u017eeme si tak\u00e9 doma vyrobit vlastn\u00ed kompost. Nemus\u00edme t\u00edm p\u00e1dem vyhazovat \u017e\u00e1dn\u00e9 zbytky rostlinn\u00e9ho p\u016fvodu. Nejv\u011bt\u0161\u00ed procento odpadu je ze stavebn\u00edch a demoli\u010dn\u00edch prac\u00ed. \u010cin\u00ed to a\u017e \u0161edes\u00e1t procent ve\u0161ker\u00e9ho odpadu.Z v\u00fdroby je odpadu kolem dev\u00edti procent a na dom\u00e1cnosti zb\u00fdv\u00e1 \u0161est procent.\u00a0Evropsk\u00e1 unie se d\u00edky nov\u011b stanoven\u00fdm sm\u011brnic\u00edm sna\u017e\u00ed s probl\u00e9mem bojovat. Do roku 2020 musela ka\u017ed\u00e1 zem\u011b EU recyklovat a\u017e polovinu sv\u00e9ho komun\u00e1ln\u00edho odpadu. A tak\u00e9 mus\u00ed b\u00fdt recyklov\u00e1no a\u017e sedmdes\u00e1t procent stavebn\u00edho a demoli\u010dn\u00edho odpadu. Probl\u00e9m na\u0161\u00ed spole\u010dnosti p\u0159em\u00edra odpadu ovliv\u0148uje na\u0161i p\u0159\u00edrodu. Ale jeliko\u017e jsme s p\u0159\u00edrodou spojeni i na\u0161e zdrav\u00ed se zhor\u0161uje. Do na\u0161\u00ed atmosf\u00e9ry putuj\u00ed metanov\u00e9 a jin\u00e9 jedovat\u00e9 plyny. Ty pak zne\u010di\u0161\u0165uj\u00ed na\u0161e vody, rostliny p\u011bstovan\u00e9 na na\u0161\u00ed p\u016fd\u011b. A ryby v mo\u0159\u00edch poj\u00eddaj\u00ed chemick\u00e9 l\u00e1tky. A my si ty ryby kupujeme a konzumujeme. A jsme zase v za\u010darovan\u00e9m kruhu. Za\u010d\u00edt mus\u00ed ka\u017ed\u00fd s\u00e1m u sebe.\u00a0                                                                                                                                                                                                                                                                                                                                                                                                "},{"@context":"https:\/\/schema.org\/","@type":"BreadcrumbList","itemListElement":[{"@type":"ListItem","position":1,"name":"Probl\u00e9my v dne\u0161n\u00ed spole\u010dnosti","item":"https:\/\/www.tukar.cz\/problemy-v-dnesni-spolecnosti\/#breadcrumbitem"}]}]