[{"@context":"https:\/\/schema.org\/","@type":"Article","@id":"https:\/\/www.tukar.cz\/pracovni-party\/#Article","mainEntityOfPage":"https:\/\/www.tukar.cz\/pracovni-party\/","headline":"Pracovn\u00ed p\u00e1rty","name":"Pracovn\u00ed p\u00e1rty","description":"Pamatuj si, kdy\u017e jsem m\u011bla v pr\u00e1ci nic v\u00e1no\u010dn\u00ed ve\u010d\u00edrek. Mus\u00edm se p\u0159iznat, \u017ee jsem se toho v\u00e1no\u010dn\u00edho ve\u010d\u00edrku docela b\u00e1la. V\u016fbec jsem nev\u011bd\u011bla, jak se m\u00e1m obl\u00e9ci anebo jak potom na to reagovat. Proto\u017ee jsem [&hellip;]","datePublished":"2022-04-22","dateModified":"2023-05-02","author":{"@type":"Person","@id":"https:\/\/www.tukar.cz\/author\/#Person","name":"","url":"https:\/\/www.tukar.cz\/author\/","identifier":1,"image":{"@type":"ImageObject","@id":"https:\/\/secure.gravatar.com\/avatar\/087c2e57f451bc02fa8017914855d7c40cf6c7d5dc1637b868e007adc26322d1?s=96&d=mm&r=g","url":"https:\/\/secure.gravatar.com\/avatar\/087c2e57f451bc02fa8017914855d7c40cf6c7d5dc1637b868e007adc26322d1?s=96&d=mm&r=g","height":96,"width":96}},"publisher":{"@type":"Organization","name":"tukar.cz","logo":{"@type":"ImageObject","@id":"\/logo.png","url":"\/logo.png","width":600,"height":60}},"image":{"@type":"ImageObject","@id":"https:\/\/www.tukar.cz\/wp-content\/uploads\/pexels-trang-doan-936611_1.jpg","url":"https:\/\/www.tukar.cz\/wp-content\/uploads\/pexels-trang-doan-936611_1.jpg","height":0,"width":0},"url":"https:\/\/www.tukar.cz\/pracovni-party\/","about":["Spole\u010dnost"],"wordCount":433,"articleBody":"Pamatuj si, kdy\u017e jsem m\u011bla v pr\u00e1ci nic v\u00e1no\u010dn\u00ed ve\u010d\u00edrek. Mus\u00edm se p\u0159iznat, \u017ee jsem se toho v\u00e1no\u010dn\u00edho ve\u010d\u00edrku docela b\u00e1la. V\u016fbec jsem nev\u011bd\u011bla, jak se m\u00e1m obl\u00e9ci anebo jak potom na to reagovat. Proto\u017ee jsem v pr\u00e1ci byla teprve t\u0159i t\u00fddny, tak\u017ee jsem tam je\u0161t\u011b n\u011bkoho moc dob\u0159e neznala. A j\u00e1 jsem takov\u00fd introvert, jsem uzav\u0159en\u00fd \u010dlov\u011bk a nem\u00e1m moc r\u00e1da spole\u010dnost. Spole\u010dnost m\u00e1m pouze r\u00e1da takovou, kdy se s t\u011bmi lidmi \u00fapln\u011b hodn\u011b dob\u0159e zn\u00e1m.Jist\u011b m\u011b ch\u00e1pete. Tak\u017ee t\u0159eba r\u00e1da chod\u00edm do spole\u010dnosti, kde jsou lidi, kter\u00e9 zn\u00e1m t\u0159eba od d\u011btstv\u00ed anebo je tam hodn\u011b \u010dlen\u016f z m\u00e9 rodiny. V\u0161ichni to o m\u011b v\u00ed. Jenom\u017ee\u00a0je logick\u00e9, \u017ee se ihned v pr\u00e1ci nebudu sv\u011b\u0159ovat s t\u00edm, \u017ee jsem velk\u00fd introvert a \u017ee nem\u00e1 moc r\u00e1da spole\u010dnost. Tak jsem si \u0159ekla, \u017ee to n\u011bjak p\u0159etrp\u00edm. Mysl\u00edm si, \u017ee by zase nebylo vhodn\u00e9 a ani slu\u0161n\u00e9, kdybych na tu v\u00e1no\u010dn\u00ed\u00a0party\u00a0nep\u0159i\u0161la, tedy na v\u00e1no\u010dn\u00ed ve\u010d\u00edrek. Docela jsem se ale hodn\u011b styd\u011bla. Tak jsem si \u0159ekla, \u017ee se obl\u00e9knu rad\u011bji hodn\u011b konzervativn\u011b, a\u017e p\u0159ijdu do spole\u010dnosti, kterou moc nezn\u00e1m. Nav\u00edc tam bude cel\u00e1 firma, tak\u017ee tam bude taky plno lid\u00ed, kter\u00e9 uvid\u00edm \u00fapln\u011b poprv\u00e9. Dokonce jsem je\u0161t\u011b nevid\u011bla ani nikdy \u0161\u00e9fa, tak\u017ee jsem si \u0159ekla, \u017ee se do t\u00e9to spole\u010dnosti obl\u00e9knu hodn\u011b slu\u0161n\u011b a konzervativn\u011b. Vzala jsem si dlouh\u00e9 \u0161aty do p\u016fli l\u00fdtek. \u0158ekla jsem si, \u017ee p\u0159ece nem\u016f\u017eu hned p\u0159ij\u00edt oble\u010den\u00e1 extravagantn\u011b. A mus\u00edm \u0159\u00edct, \u017ee to nakonec dob\u0159e dopadlo. St\u00e1la jsem sice st\u00e1le v rohu, ale byla jsem alespo\u0148 v klidu a nemusela jsem se s n\u011bk\u00fdm moc bavit. Jsem hodn\u011b stydliv\u00e1. Tak\u017ee jsem si musel ataky d\u00e1t alespo\u0148 dv\u011b skleni\u010dky v\u00edna, abych se tro\u0161ku uklidnila. Sezn\u00e1mila jsem se\u00a0bl\u00ed\u017ee\u00a0s jednou kolegyn\u00ed, kter\u00e1 v pr\u00e1ci byla jen dva m\u011bs\u00edce. A taky pr\u00fd nikoho moc neznala. Tak\u017ee\u00a0jsme\u00a0si \u0159ekly, \u017ee budeme v pr\u00e1ci\u00a0p\u0159\u00edtelkyn\u011b\u00a0a \u017ee v t\u00e9to pracovn\u00ed spole\u010dnost to n\u011bjak ud\u011bl\u00e1me, aby n\u00e1m bylo prima.                                                                                                                                                                                                                                                                                                                                                                                                "},{"@context":"https:\/\/schema.org\/","@type":"BreadcrumbList","itemListElement":[{"@type":"ListItem","position":1,"name":"Pracovn\u00ed p\u00e1rty","item":"https:\/\/www.tukar.cz\/pracovni-party\/#breadcrumbitem"}]}]