[{"@context":"https:\/\/schema.org\/","@type":"Article","@id":"https:\/\/www.tukar.cz\/plisen-a-veda\/#Article","mainEntityOfPage":"https:\/\/www.tukar.cz\/plisen-a-veda\/","headline":"Pl\u00edse\u0148 a v\u011bda","name":"Pl\u00edse\u0148 a v\u011bda","description":"V\u00edm, \u017ee mnoho lid\u00ed se v posledn\u00ed dob\u011b tak\u00e9 zaj\u00edm\u00e1 o v\u011bdu. Mysl\u00edm si, \u017ee je to jenom dob\u0159e. Proto\u017ee bez v\u011bdc\u016f my\u00a0bychom\u00a0byli opravdu asi na dn\u011b. Proto\u017ee d\u00edky v\u011bdc\u016fm m\u00e1me r\u016fzn\u00e9 v\u00fdrobky nebo v\u011bci a [&hellip;]","datePublished":"2022-04-29","dateModified":"2023-05-02","author":{"@type":"Person","@id":"https:\/\/www.tukar.cz\/author\/#Person","name":"","url":"https:\/\/www.tukar.cz\/author\/","identifier":1,"image":{"@type":"ImageObject","@id":"https:\/\/secure.gravatar.com\/avatar\/087c2e57f451bc02fa8017914855d7c40cf6c7d5dc1637b868e007adc26322d1?s=96&d=mm&r=g","url":"https:\/\/secure.gravatar.com\/avatar\/087c2e57f451bc02fa8017914855d7c40cf6c7d5dc1637b868e007adc26322d1?s=96&d=mm&r=g","height":96,"width":96}},"publisher":{"@type":"Organization","name":"tukar.cz","logo":{"@type":"ImageObject","@id":"\/logo.png","url":"\/logo.png","width":600,"height":60}},"image":{"@type":"ImageObject","@id":"https:\/\/www.tukar.cz\/wp-content\/uploads\/age-1238316_960_720.jpg","url":"https:\/\/www.tukar.cz\/wp-content\/uploads\/age-1238316_960_720.jpg","height":0,"width":0},"url":"https:\/\/www.tukar.cz\/plisen-a-veda\/","about":["V\u011bda"],"wordCount":427,"articleBody":"V\u00edm, \u017ee mnoho lid\u00ed se v posledn\u00ed dob\u011b tak\u00e9 zaj\u00edm\u00e1 o v\u011bdu. Mysl\u00edm si, \u017ee je to jenom dob\u0159e. Proto\u017ee bez v\u011bdc\u016f my\u00a0bychom\u00a0byli opravdu asi na dn\u011b. Proto\u017ee d\u00edky v\u011bdc\u016fm m\u00e1me r\u016fzn\u00e9 v\u00fdrobky nebo v\u011bci a taky hlavn\u011b l\u00e9ky. J\u00e1 v\u00edm, \u017ee v\u011bdc\u016fm hlavn\u011b vd\u011b\u010d\u00edme za to, \u017ee n\u00e1m dok\u00e1\u017e\u00ed vyrobit r\u016fzn\u00e9 l\u00e9ky. V\u00edm, \u017ee se t\u0159eba n\u011bkter\u00e9 l\u00e9ky taky staly \u00fapln\u011b n\u011bjak\u00fdm z\u00e1zrakem nebo n\u00e1hodou anebo omylem. Kdy\u017e to tak vezmu, tak penicilin je vlastn\u011b takov\u00e1 nehoda l\u00e9ku. Penicilin toti\u017e vznikl z pl\u00edsn\u011b.\u00a0Nev\u00edm\u00a0u\u017e kdo to p\u0159esn\u011b vymyslel, ale jeden skv\u011bl\u00fd v\u011bdec, mysl\u00edm Alexander\u00a0Fleming, zapomn\u011bl v\u00a0petriho\u00a0misce n\u011bjak\u00e9 v\u011bci nebo kapaliny a ona se tam ud\u011blala za n\u011bkolik dn\u00ed pl\u00edse\u0148. A pr\u00e1v\u011b to potom v\u011bdec Fleming zjistil, \u017ee dok\u00e1\u017ee tati chyba l\u00e9\u010dit. A penicilin byl na sv\u011bt\u011b. Mysl\u00edm si, \u017ee t\u0159eba takov\u00fdchto omyl\u016f se stalo v\u00edce, kter\u00e9 potom lidem zachr\u00e1nily \u017eivot. Nemus\u00ed to b\u00fdt tady jenom lidem, ale taky t\u0159eba nap\u0159\u00edklad zv\u00ed\u0159at\u016fm anebo v\u011bda taky pom\u00e1h\u00e1 takov\u00fdm lidem, kte\u0159\u00ed t\u0159eba nemohou chodit. Tady je pr\u00e1v\u011b t\u0159eba od v\u011bci taky myslet na to, \u017ee v ka\u017ed\u00fd by m\u011bl \u017e\u00edt zdrav\u011b.Co t\u0159eba n\u00e1hradn\u00ed kloub anebo kontaktn\u00ed \u010do\u010dky? Nebo br\u00fdle? Mysl\u00edm si, \u017ee v\u011bda n\u00e1m toho dala opravdu hodn\u011b a je pot\u0159eba si j\u00ed tedy opravdu hodn\u011b v\u00e1\u017eit. Ten, kdo nev\u011b\u0159\u00ed ve v\u011bdu a jenom j\u00ed bojkotuje, tak asi dopadne jednoho dne \u0161patn\u011b, proto\u017ee kdy\u017e n\u011bkdo n\u011bkoho bojkotuje nebo n\u011bco, tak je logick\u00e9, \u017ee to nechce vyu\u017e\u00edvat. Ale pochybuji, \u017ee n\u011bkdy takov\u00fd existuje. Proto\u017ee d\u00edky v\u011bd\u011b taky m\u00e1me t\u0159eba nap\u0159\u00edklad televizi anebo mobiln\u00ed telefon, kter\u00fd u\u017e m\u00e1 asi skoro doma ka\u017ed\u00fd. Nebo nem\u00e1te r\u00e1di v\u011bdu? Pokud ne, tak asi\u00a0ani nem\u00e1te\u00a0doma mobil nebo televizi anebo\u00a0nikdy\u00a0neu\u017e\u00edv\u00e1te\u00a0l\u00e9ky, proto\u017ee to v\u0161echno\u00a0vynalezli\u00a0v\u011bdci d\u00edky v\u011bd\u011b. Tak jste u\u017e\u00a0zm\u011bnili\u00a0n\u00e1zor? Proto\u017ee jist\u011b ch\u00e1pu, \u017ee ka\u017ed\u00fd \u010dlov\u011bk m\u00e1 na v\u0161echno sv\u016fj n\u00e1zor a pohled a j\u00e1 to samoz\u0159ejm\u011b pln\u011b respektuji.                                                                                                                                                                                                                                                                                                                                                                                                "},{"@context":"https:\/\/schema.org\/","@type":"BreadcrumbList","itemListElement":[{"@type":"ListItem","position":1,"name":"Pl\u00edse\u0148 a v\u011bda","item":"https:\/\/www.tukar.cz\/plisen-a-veda\/#breadcrumbitem"}]}]