[{"@context":"https:\/\/schema.org\/","@type":"Article","@id":"https:\/\/www.tukar.cz\/o-nas-zenach\/#Article","mainEntityOfPage":"https:\/\/www.tukar.cz\/o-nas-zenach\/","headline":"O n\u00e1s \u017een\u00e1ch","name":"O n\u00e1s \u017een\u00e1ch","description":"My \u017eeny to m\u00e1me v \u017eivot\u011b docela slo\u017eit\u00e9. Ale kdy\u017e jsem se na tohle zeptala moj\u00ed maminky, tak sama mi \u0159ekla, \u017ee je opravdu r\u00e1da, \u017ee je \u017eena. A j\u00e1 jsem mamince v\u016fbec nediv\u00edm. Proto\u017ee kdy\u017e [&hellip;]","datePublished":"2022-04-22","dateModified":"2023-05-02","author":{"@type":"Person","@id":"https:\/\/www.tukar.cz\/author\/#Person","name":"","url":"https:\/\/www.tukar.cz\/author\/","identifier":1,"image":{"@type":"ImageObject","@id":"https:\/\/secure.gravatar.com\/avatar\/087c2e57f451bc02fa8017914855d7c40cf6c7d5dc1637b868e007adc26322d1?s=96&d=mm&r=g","url":"https:\/\/secure.gravatar.com\/avatar\/087c2e57f451bc02fa8017914855d7c40cf6c7d5dc1637b868e007adc26322d1?s=96&d=mm&r=g","height":96,"width":96}},"publisher":{"@type":"Organization","name":"tukar.cz","logo":{"@type":"ImageObject","@id":"\/logo.png","url":"\/logo.png","width":600,"height":60}},"image":{"@type":"ImageObject","@id":"https:\/\/www.tukar.cz\/wp-content\/uploads\/couple-1838783_960_720.jpg","url":"https:\/\/www.tukar.cz\/wp-content\/uploads\/couple-1838783_960_720.jpg","height":0,"width":0},"url":"https:\/\/www.tukar.cz\/o-nas-zenach\/","about":["\u017dena"],"wordCount":415,"articleBody":"My \u017eeny to m\u00e1me v \u017eivot\u011b docela slo\u017eit\u00e9. Ale kdy\u017e jsem se na tohle zeptala moj\u00ed maminky, tak sama mi \u0159ekla, \u017ee je opravdu r\u00e1da, \u017ee je \u017eena. A j\u00e1 jsem mamince v\u016fbec nediv\u00edm. Proto\u017ee kdy\u017e vid\u00edm sv\u00e9ho otce, jak je strhan\u00fd, v\u017edycky kdy\u017e p\u0159ijde z pr\u00e1ce, tak se mi chce bre\u010det. Jenom\u017ee je to tak, proto\u017ee on si to sv\u00e9 zam\u011bstn\u00e1n\u00ed takhle vybral. On necht\u011bl j\u00edt n\u011bkam d\u00e1l studovat, ud\u011blal si pouze zednickou \u0161kolu. Tak\u017ee je zedn\u00edk. A v\u016fbec se mi nel\u00edb\u00ed, jak si st\u00e1le na sv\u00e9 povol\u00e1n\u00ed st\u011b\u017euje, \u017ee ho to nebav\u00ed a \u017ee je to stra\u0161n\u011b n\u00e1ro\u010dn\u00e9 a bol\u00ed ho z\u00e1da. Jenom\u017ee on se to vybral. Zat\u00edmco my \u017eeny studujeme hlavn\u011b na to, abychom se\u00a0nep\u0159ed\u0159ely. Taky my \u017eeny se hlavn\u011b d\u00edv\u00e1me dop\u0159edu, do budoucnosti. Tedy alespo\u0148 j\u00e1 a moje m\u00e1ma. Ob\u011b dv\u011b s m\u00e1mou p\u0159em\u00fd\u0161l\u00edme hodn\u011b dop\u0159edu. Mysl\u00edm si, \u017ee kdyby byl n\u011bjak\u00fd \u0161achov\u00fd turnaj, tak na\u0161e mozky by se tam opravdu hodily.Nev\u00edm pro\u010d m\u016fj otec p\u0159em\u00fd\u0161l\u00ed pouze v p\u0159\u00edtomnosti anebo kouk\u00e1 hodn\u011b \u010dasto do minulosti.\u00a0 To v\u016fbec nev\u00edm pro\u010d, kdy\u017e minulost rozhodn\u011b nikdo zm\u011bnit nedok\u00e1\u017ee. Nebylo by na \u0161kodu, kdyby otec t\u0159eba koukal o p\u011bt anebo o deset let, co bude d\u00e1l do budoucna. My s maminkou m\u00e1me jasno. Maminka chce, abych si dod\u011blala vysokou \u0161kolu. A j\u00e1 si to p\u0159eji taky chci b\u00fdt toti\u017e n\u011bjak\u00e1 vedouc\u00ed v n\u011bjak\u00e9m obchod\u011b te\u010f je mi to jedno, ale pokud budu m\u00edt vysokou \u0161kolu, abych m\u011bla v\u011bt\u0161\u00ed rozhled do budoucna. Proto\u017ee \u017eeny to nemaj\u00ed v pr\u00e1ci potom jednoduch\u00e9. Mu\u017e m\u016f\u017ee pracovat taky se z\u00e1kladn\u00edm vzd\u011bl\u00e1n\u00edm, nap\u0159\u00edklad jako zedn\u00edk anebo t\u0159eba popel\u00e1\u0159. Jenom\u017ee my \u017eeny se z\u00e1kladn\u00edm vzd\u011bl\u00e1n\u00edm to asi moc nikam nedot\u00e1hne. Je lep\u0161\u00ed, kdy\u017e \u017eeny maj\u00ed alespo\u0148 maturitou nebo vysokou \u0161kolu. S dobr\u00fdm\u00a0studiem\u00a0se \u017eeny p\u0159eci jenom l\u00e9pe uplatn\u00ed. Nicm\u00e9n\u011b ale pokud jen cht\u011bj\u00ed studovat. N\u011bkter\u00e9 \u017eeny necht\u011bj\u00ed studovat a doufaj\u00ed, \u017ee se perfektn\u011b vdaj\u00ed, aby se musely pracovat\u00a0v\u016fbec. \u017deny jsou\u00a0r\u016fzn\u00e9.                                                                                                                                                                                                                                                                                                                                                                                                "},{"@context":"https:\/\/schema.org\/","@type":"BreadcrumbList","itemListElement":[{"@type":"ListItem","position":1,"name":"O n\u00e1s \u017een\u00e1ch","item":"https:\/\/www.tukar.cz\/o-nas-zenach\/#breadcrumbitem"}]}]