[{"@context":"https:\/\/schema.org\/","@type":"Article","@id":"https:\/\/www.tukar.cz\/nejvyssi-cas-myslet-na-vanoce\/#Article","mainEntityOfPage":"https:\/\/www.tukar.cz\/nejvyssi-cas-myslet-na-vanoce\/","headline":"Nejvy\u0161\u0161\u00ed \u010das myslet na V\u00e1noce","name":"Nejvy\u0161\u0161\u00ed \u010das myslet na V\u00e1noce","description":"A zaj\u00edm\u00e1 v\u00e1s jak? Vzhledem k sou\u010dasn\u00e9mu v\u00fdvoji ekonomiky existuj\u00ed dv\u011b mo\u017enosti, jak se na V\u00e1noce p\u0159ipravit. Tou prvn\u00ed je za\u010d\u00edt nakupovat d\u00e1rky, dekorace a jin\u00e9 pot\u0159ebn\u00e9 vybaven\u00ed u\u017e dnes, ne\u017e se ceny vy\u0161plhaj\u00ed do astronomick\u00fdch [&hellip;]","datePublished":"2022-08-20","dateModified":"2023-05-02","author":{"@type":"Person","@id":"https:\/\/www.tukar.cz\/author\/#Person","name":"","url":"https:\/\/www.tukar.cz\/author\/","identifier":1,"image":{"@type":"ImageObject","@id":"https:\/\/secure.gravatar.com\/avatar\/087c2e57f451bc02fa8017914855d7c40cf6c7d5dc1637b868e007adc26322d1?s=96&d=mm&r=g","url":"https:\/\/secure.gravatar.com\/avatar\/087c2e57f451bc02fa8017914855d7c40cf6c7d5dc1637b868e007adc26322d1?s=96&d=mm&r=g","height":96,"width":96}},"publisher":{"@type":"Organization","name":"tukar.cz","logo":{"@type":"ImageObject","@id":"\/logo.png","url":"\/logo.png","width":600,"height":60}},"image":{"@type":"ImageObject","@id":"https:\/\/www.tukar.cz\/wp-content\/uploads\/christmas-4705310_640.jpg","url":"https:\/\/www.tukar.cz\/wp-content\/uploads\/christmas-4705310_640.jpg","height":0,"width":0},"url":"https:\/\/www.tukar.cz\/nejvyssi-cas-myslet-na-vanoce\/","about":["Podnik\u00e1n\u00ed"],"wordCount":448,"articleBody":"           A zaj\u00edm\u00e1 v\u00e1s jak? Vzhledem k sou\u010dasn\u00e9mu v\u00fdvoji ekonomiky existuj\u00ed dv\u011b mo\u017enosti, jak se na V\u00e1noce p\u0159ipravit. Tou prvn\u00ed je za\u010d\u00edt nakupovat d\u00e1rky, dekorace a jin\u00e9 pot\u0159ebn\u00e9 vybaven\u00ed u\u017e dnes, ne\u017e se ceny vy\u0161plhaj\u00ed do astronomick\u00fdch \u010d\u00e1stek. \u0158\u00edk\u00e1te si, \u017ee je to \u0161\u00edlenstv\u00ed? Nen\u00ed, proto\u017ee kdo je p\u0159ipraven, nen\u00ed p\u0159ekvapen. Je toti\u017e mo\u017en\u00e9, \u017ee va\u0161e obl\u00edben\u00e9 dekorace nebo vyhl\u00e9dnut\u00e9 budou v prosinci u\u017e t\u011b\u017eko dostupn\u00e9 nebo jejich ceny budou p\u0159evy\u0161ovat va\u0161e mo\u017enosti.No a tou druhou variantou je p\u0159ipravit se na sv\u00e1tky po finan\u010dn\u00ed str\u00e1nce, tedy bu\u010f za\u010d\u00edt \u0161et\u0159it na vyhl\u00e9dnut\u00e9 d\u00e1rky, nebo si trochu p\u0159ivyd\u011blat, abyste vylep\u0161ili rodinn\u00fd rozpo\u010det. Te\u010f si asi \u0159\u00edk\u00e1te, jak to spolu vlastn\u011b souvis\u00ed? Spole\u010dn\u00fdm jmenovatelem obou mo\u017enost\u00ed, jak se v p\u0159edstihu p\u0159ipravit na p\u0159edv\u00e1no\u010dn\u00ed shon a v\u00fddaje je spole\u010dnost Selvintech. M\u016f\u017eeme v\u00e1m pomoci s prvn\u00edm nebo druh\u00fdm \u0159e\u0161en\u00edm, nebo klidn\u011b s ob\u011bma najednou. A zaj\u00edm\u00e1 v\u00e1s jak? \u010ct\u011bte pros\u00edm d\u00e1l.Zab\u00fdv\u00e1me se v\u00fdrobou dekora\u010dn\u00edch p\u0159edm\u011bt\u016f a v\u00e1no\u010dn\u00edch ozdob. M\u016f\u017eete si bu\u010f vybrat z na\u0161\u00ed st\u00e1vaj\u00edc\u00ed nab\u00eddky nebo n\u00e1s kontaktovat s vlastn\u00edm po\u017eadavkem. Je mo\u017en\u00e9 p\u0159izp\u016fsobit v\u00fdrobu va\u0161im pot\u0159eb\u00e1m a jednotliv\u00e9 p\u0159edm\u011bty upravit barevn\u011b, nebo doplnit o prvky \u010di logo podle va\u0161eho p\u0159\u00e1n\u00ed. je to vhodn\u00e9 v p\u0159\u00edpad\u011b, \u017ee sh\u00e1n\u00edte d\u00e1rkov\u00e9 p\u0159edm\u011bty pro svou firmu nebo chyst\u00e1te mal\u00e9 p\u0159ekvapen\u00ed pro sv\u00e9 zam\u011bstnance.T\u00fdk\u00e1 se v\u00e1s sp\u00ed\u0161 druh\u00fd p\u0159\u00edpad? Pot\u0159ebujete si p\u0159ed sv\u00e1tky trochu vylep\u0161it rodinn\u00fd rozpo\u010det a m\u00e1te p\u00e1r hodin voln\u00e9ho \u010dasu t\u00fddn\u011b? Jste manu\u00e1ln\u011b zru\u010dn\u00ed a dok\u00e1\u017eete pracovat samostatn\u011b podle n\u00e1vodu? Potom hled\u00e1me pr\u00e1v\u011b v\u00e1s! M\u016f\u017eete pro n\u00e1s vyr\u00e1b\u011bt v\u00fd\u0161e zm\u00edn\u011bn\u00e9 dekora\u010dn\u00ed p\u0159edm\u011bty. N\u011bkter\u00e9 z nich je toti\u017e mo\u017en\u00e9 tvo\u0159it s minim\u00e1ln\u00edm vybaven\u00edm v dom\u00e1c\u00edch podm\u00ednk\u00e1ch. A\u0165 u\u017e se v\u00e1s t\u00fdk\u00e1 prvn\u00ed \u010di druh\u00fd p\u0159\u00edpad, nev\u00e1hejte n\u00e1s kontaktovat. R\u00e1di s v\u00e1mi probereme va\u0161e po\u017eadavky nebo pracovn\u00ed p\u0159\u00edle\u017eitost. S n\u00e1mi budou leto\u0161n\u00ed V\u00e1noce pln\u00e9 klidu a pohody i u v\u00e1s doma.                                                                                                                                                                                                                                                                                                                                                                                                  "},{"@context":"https:\/\/schema.org\/","@type":"BreadcrumbList","itemListElement":[{"@type":"ListItem","position":1,"name":"Nejvy\u0161\u0161\u00ed \u010das myslet na V\u00e1noce","item":"https:\/\/www.tukar.cz\/nejvyssi-cas-myslet-na-vanoce\/#breadcrumbitem"}]}]