[{"@context":"https:\/\/schema.org\/","@type":"Article","@id":"https:\/\/www.tukar.cz\/mate-radi-bazary\/#Article","mainEntityOfPage":"https:\/\/www.tukar.cz\/mate-radi-bazary\/","headline":"M\u00e1te r\u00e1di bazary?","name":"M\u00e1te r\u00e1di bazary?","description":"Pokud jste typ jako j\u00e1 a r\u00e1di chod\u00edte na r\u016fzn\u00e9 trhy a akce, jist\u011b jste i r\u00e1di mezi lidmi, co\u017e je logick\u00e9. Co ale takov\u00fd bazar Renovace-disku? Chod\u00edte na n\u011bj r\u00e1di? J\u00e1 tedy ano a cht\u011bla [&hellip;]","datePublished":"2022-08-19","dateModified":"2023-05-02","author":{"@type":"Person","@id":"https:\/\/www.tukar.cz\/author\/#Person","name":"","url":"https:\/\/www.tukar.cz\/author\/","identifier":1,"image":{"@type":"ImageObject","@id":"https:\/\/secure.gravatar.com\/avatar\/087c2e57f451bc02fa8017914855d7c40cf6c7d5dc1637b868e007adc26322d1?s=96&d=mm&r=g","url":"https:\/\/secure.gravatar.com\/avatar\/087c2e57f451bc02fa8017914855d7c40cf6c7d5dc1637b868e007adc26322d1?s=96&d=mm&r=g","height":96,"width":96}},"publisher":{"@type":"Organization","name":"tukar.cz","logo":{"@type":"ImageObject","@id":"\/logo.png","url":"\/logo.png","width":600,"height":60}},"image":{"@type":"ImageObject","@id":"https:\/\/www.tukar.cz\/wp-content\/uploads\/l%C3%A1tky.JPG","url":"https:\/\/www.tukar.cz\/wp-content\/uploads\/l%C3%A1tky.JPG","height":0,"width":0},"url":"https:\/\/www.tukar.cz\/mate-radi-bazary\/","about":["Podnik\u00e1n\u00ed"],"wordCount":427,"articleBody":"    Pokud jste typ jako j\u00e1 a r\u00e1di chod\u00edte na r\u016fzn\u00e9 trhy a akce, jist\u011b jste i r\u00e1di mezi lidmi, co\u017e je logick\u00e9. Co ale takov\u00fd bazar Renovace-disku? Chod\u00edte na n\u011bj r\u00e1di? J\u00e1 tedy ano a cht\u011bla bych se s v\u00e1mi pod\u011blit o svou zku\u0161enost. \u017diji v N\u011bmecku u\u017e v\u00edce ne\u017e rok. Za tu dobu jsem se tady stihla nau\u010dit hodn\u011b v\u011bc\u00ed &#8211; jednou v\u011bc\u00ed z nich je, \u017ee se docela obstojn\u011b u\u017e domluv\u00edm n\u011bmecky, z \u010deho\u017e m\u00e1m opravdu neskute\u010dn\u011b velikou radost. A proto\u017ee jsem p\u0159ed rokem cel\u00e9 dny tr\u00e1vila doma, kdy\u017e byl p\u0159\u00edtel v pr\u00e1ci, rozhodla jsem se, \u017ee to chci zm\u011bnit. A tak jsem si tedy zjistila, kdy tu je bazar, kde se prod\u00e1vaj\u00ed r\u016fzn\u00e9 v\u011bci (nap\u0159\u00edklad oble\u010den\u00ed, \u0161perky, \u0161\u00e1tky, boty a tak d\u00e1le) a vydala se tam.Obecn\u011b mi p\u0159ijde, \u017ee bazary maj\u00ed mnohem lep\u0161\u00ed atmosf\u00e9ru, ne\u017e kdejak\u00e9 obchody. Nev\u00edm, \u010d\u00edm to je, ale asi t\u00edm, \u017ee to prost\u011b nen\u00ed ten tradi\u010dn\u00ed obchod, na kter\u00fd jsme zvykl\u00ed, n\u00fdbr\u017e bazar. A bazary, trhy a takov\u00e9 akce, to j\u00e1 prost\u011b zbo\u017e\u0148uju a pokud m\u011b zn\u00e1te, tak to m\u016f\u017eete jen potvrdit. B\u00fdt mezi lidmi, b\u00fdt st\u0159edem pozornosti, b\u00fdt v hlou\u010dku lid\u00ed, to je prost\u011b moje. I kdy\u017e je to docela zvl\u00e1\u0161tn\u00ed, \u017ee jsem tak moc r\u00e1da mezi lidmi, proto\u017ee j\u00e1 jsem docela zvl\u00e1\u0161tn\u00ed a zaj\u00edmav\u00e1 osobnost. Nevad\u00ed mi b\u00fdt v hlou\u010dku lid\u00ed, kte\u0159\u00ed jsou okolo m\u011b a nezn\u00e1m je. Jakmile se ale potk\u00e1m s n\u011bk\u00fdm, koho nem\u00e1m r\u00e1da, nebo ho nesn\u00e1\u0161\u00edm, tak se st\u00e1v\u00e1 z extroverta introvert.Nebo takhle &#8211; d\u0159\u00edve jsem s t\u00edm m\u011bla o hodn\u011b v\u011bt\u0161\u00ed probl\u00e9m, te\u010f u\u017e se to sna\u017e\u00edm docela p\u0159ech\u00e1zet a lidi, se kter\u00fdmi se navz\u00e1jem nesn\u00e1\u0161\u00edme, ignorovat. Na bazarech se mi taky l\u00edb\u00ed, \u017ee jsou tam \u010dasto v\u00fdrobky, kter\u00e9 lidi vyr\u00e1b\u011bj\u00ed sami (n\u00e1u\u0161nice, h\u00e1\u010dkovan\u00e9 v\u011bci, hrn\u00ed\u010dky). Mo\u017en\u00e1 toto p\u0159esn\u011b d\u00e1v\u00e1 bazaru takovou atmosf\u00e9ru, jakou obchody nemaj\u00ed. Prod\u00e1vaj\u00edc\u00ed na bazaru se v\u00e1m toti\u017e kolikr\u00e1t mnohem v\u00edce v\u011bnuje a p\u0159\u00e1telsky si s v\u00e1mi popov\u00edd\u00e1, ne\u017e kdejak\u00e1 prodava\u010dka v oby\u010dejn\u00e9m obchod\u011b. A co vy? M\u00e1te r\u00e1di bazar?                                                                                                                                                                                                                                                                                                                                                                                                 "},{"@context":"https:\/\/schema.org\/","@type":"BreadcrumbList","itemListElement":[{"@type":"ListItem","position":1,"name":"M\u00e1te r\u00e1di bazary?","item":"https:\/\/www.tukar.cz\/mate-radi-bazary\/#breadcrumbitem"}]}]