[{"@context":"https:\/\/schema.org\/","@type":"Article","@id":"https:\/\/www.tukar.cz\/jaka-je-zima-v-mobilnich-domech\/#Article","mainEntityOfPage":"https:\/\/www.tukar.cz\/jaka-je-zima-v-mobilnich-domech\/","headline":"Jak\u00e1 je zima v mobiln\u00edch domech","name":"Jak\u00e1 je zima v mobiln\u00edch domech","description":"Bydlen\u00ed na venkov\u011b, v dom\u011b se zahradou, p\u0159\u00edpadn\u011b v rekrea\u010dn\u00ed chat\u011b, nab\u00edr\u00e1 na atraktivit\u011b zejm\u00e9na v obdob\u00ed od jara do podzimu, kdy m\u016f\u017eeme pob\u00fdvat venku mnohem \u010dast\u011bji, s mo\u017enost\u00ed usednout k zahradn\u00edmu n\u00e1bytku. Tehdy n\u00e1s to [&hellip;]","datePublished":"2022-07-16","dateModified":"2023-05-02","author":{"@type":"Person","@id":"https:\/\/www.tukar.cz\/author\/#Person","name":"","url":"https:\/\/www.tukar.cz\/author\/","identifier":1,"image":{"@type":"ImageObject","@id":"https:\/\/secure.gravatar.com\/avatar\/087c2e57f451bc02fa8017914855d7c40cf6c7d5dc1637b868e007adc26322d1?s=96&d=mm&r=g","url":"https:\/\/secure.gravatar.com\/avatar\/087c2e57f451bc02fa8017914855d7c40cf6c7d5dc1637b868e007adc26322d1?s=96&d=mm&r=g","height":96,"width":96}},"publisher":{"@type":"Organization","name":"tukar.cz","logo":{"@type":"ImageObject","@id":"\/logo.png","url":"\/logo.png","width":600,"height":60}},"image":{"@type":"ImageObject","@id":"https:\/\/www.tukar.cz\/wp-content\/uploads\/hd-wallpaper-2563976_640.jpg","url":"https:\/\/www.tukar.cz\/wp-content\/uploads\/hd-wallpaper-2563976_640.jpg","height":0,"width":0},"url":"https:\/\/www.tukar.cz\/jaka-je-zima-v-mobilnich-domech\/","wordCount":415,"articleBody":"   Bydlen\u00ed na venkov\u011b, v dom\u011b se zahradou, p\u0159\u00edpadn\u011b v rekrea\u010dn\u00ed chat\u011b, nab\u00edr\u00e1 na atraktivit\u011b zejm\u00e9na v obdob\u00ed od jara do podzimu, kdy m\u016f\u017eeme pob\u00fdvat venku mnohem \u010dast\u011bji, s mo\u017enost\u00ed usednout k zahradn\u00edmu n\u00e1bytku. Tehdy n\u00e1s to za p\u0159\u00edzniv\u00e9ho po\u010das\u00ed l\u00e1k\u00e1 na proch\u00e1zky, p\u011bstujeme ovoce a zeleninu, v\u011bnujeme se p\u00e9\u010di o okrasn\u00e9 d\u0159eviny a tr\u00e1vn\u00edk a \u017eivot n\u00e1m p\u0159ipad\u00e1 d\u00edky \u017eivouc\u00ed p\u0159\u00edrod\u011b kolem n\u00e1s i v\u00edce atraktivn\u00ed.Jakmile v\u0161ak na podzim ude\u0159\u00ed prvn\u00ed mrazy a sychrav\u00e9 po\u010das\u00ed n\u00e1s nab\u00e1d\u00e1 k p\u0159esunu do \u00fakrytu pod st\u0159echu, zaj\u00edm\u00e1me se o to, zda a jak\u00fdm zp\u016fsobem objekt vyt\u00e1p\u011bt, abychom se i uvnit\u0159 c\u00edtili p\u0159\u00edjemn\u011b. Jak\u00e1 je vlastn\u011b zima v mobiln\u00edch domech?\u017d\u00e1dn\u00e9 \u201eklep\u00e1n\u00ed kosy\u201c, chozen\u00ed v zimn\u00ed bund\u011b a span\u00ed v p\u00e9\u0159ov\u00e9m spac\u00e1ku \u2013 toto extempore se t\u00fdk\u00e1 zejm\u00e9na dom\u016f nezateplen\u00fdch, kde se nepo\u010d\u00edt\u00e1 s celoro\u010dn\u00edm provozem, a kter\u00e9 slou\u017e\u00ed pouze jako sezonn\u00ed. Celoro\u010dn\u011b obyvateln\u00e9 domy jsou d\u016fkladn\u011b zateplen\u00e9 a p\u0159ipraven\u00e9 obst\u00e1t i v siln\u00fdch mrazech.N\u00edzkoenergetick\u00e9 stavby \u2013 p\u0159i dne\u0161n\u00edch cen\u00e1ch energi\u00ed je ka\u017ed\u00e1 uspo\u0159en\u00e1 koruna  https:\/\/zpravy.aktualne.cz\/koruna\/l~i:keyword:625\/ dobr\u00e1 a v mobiln\u00edch d\u0159ev\u011bn\u00fdch domech mohou b\u00fdt ty \u00faspory velmi v\u00fdrazn\u00e9. N\u011bkter\u00e9 objekty se vyr\u00e1b\u00ed s energetick\u00fdm \u0161t\u00edtkem B, co\u017e je druh\u00e1 nej\u00fasporn\u011bj\u0161\u00ed varianta bydlen\u00ed. Nejv\u011bt\u0161\u00edch \u00faspor se v\u0161ak dosahuje p\u0159i vyt\u00e1p\u011bn\u00ed d\u0159evem v krbov\u00fdch kamnech instalovan\u00fdch samostatn\u011b nebo p\u0159ipojen\u00fdch k v\u00fdm\u011bn\u00edku. P\u0159\u00edprava d\u0159eva na topnou sez\u00f3nu je sice pracn\u011bj\u0161\u00ed, ale trocha pohybu nav\u00edc v\u00e1m neu\u0161kod\u00ed a hlavn\u011b je tato pr\u00e1ce \u0161t\u011bd\u0159e odm\u011bn\u011bna po finan\u010dn\u00ed str\u00e1nce.Komfort uvnit\u0159 objektu \u2013 krom\u011b tepeln\u00e9ho komfortu m\u00e1te k dispozici i pot\u0159ebn\u00fd komfort bydlen\u00ed, kter\u00fd je u mobiln\u00edch d\u0159evostaveb zaji\u0161t\u011bn standardn\u00edm vybaven\u00edm kuchyn\u011b, koupelny s toaletou, lo\u017enice i ob\u00fdvac\u00edho pokoje. Mnoho dom\u016f m\u00e1 rozm\u011bry p\u016fdorysu srovnateln\u00e9 s b\u011b\u017en\u00fdmi dvoupokojov\u00fdmi a n\u011bkdy i t\u0159\u00edpokojov\u00fdmi byty, nebudete se uvnit\u0159 t\u00edsnit, jako v krabi\u010dce od sardinek.                                                                                                                                                                                                                                                                                                                                                                                                  "},{"@context":"https:\/\/schema.org\/","@type":"BreadcrumbList","itemListElement":[{"@type":"ListItem","position":1,"name":"Jak\u00e1 je zima v mobiln\u00edch domech","item":"https:\/\/www.tukar.cz\/jaka-je-zima-v-mobilnich-domech\/#breadcrumbitem"}]}]