[{"@context":"https:\/\/schema.org\/","@type":"Article","@id":"https:\/\/www.tukar.cz\/globalni-problemy-ve-spolecnosti\/#Article","mainEntityOfPage":"https:\/\/www.tukar.cz\/globalni-problemy-ve-spolecnosti\/","headline":"Glob\u00e1ln\u00ed probl\u00e9my ve spole\u010dnosti","name":"Glob\u00e1ln\u00ed probl\u00e9my ve spole\u010dnosti","description":"Co se t\u00fd\u010de probl\u00e9m\u016f na\u0161\u00ed spole\u010dnosti je jich opravdu hodn\u011b. T\u00fdkaj\u00ed se n\u00e1s v\u0161ech. Na\u0161eho cel\u00e9ho spole\u010denstv\u00ed na planet\u011b zemi. Je d\u016fle\u017eit\u00e9 abychom to nebrali na lehkou v\u00e1hu. A aby se o glob\u00e1ln\u00edch probl\u00e9mech hodn\u011b mluvilo. [&hellip;]","datePublished":"2022-08-23","dateModified":"2023-05-02","author":{"@type":"Person","@id":"https:\/\/www.tukar.cz\/author\/#Person","name":"","url":"https:\/\/www.tukar.cz\/author\/","identifier":1,"image":{"@type":"ImageObject","@id":"https:\/\/secure.gravatar.com\/avatar\/087c2e57f451bc02fa8017914855d7c40cf6c7d5dc1637b868e007adc26322d1?s=96&d=mm&r=g","url":"https:\/\/secure.gravatar.com\/avatar\/087c2e57f451bc02fa8017914855d7c40cf6c7d5dc1637b868e007adc26322d1?s=96&d=mm&r=g","height":96,"width":96}},"publisher":{"@type":"Organization","name":"tukar.cz","logo":{"@type":"ImageObject","@id":"\/logo.png","url":"\/logo.png","width":600,"height":60}},"image":{"@type":"ImageObject","@id":"https:\/\/www.tukar.cz\/wp-content\/uploads\/p%C5%AFda.jpg","url":"https:\/\/www.tukar.cz\/wp-content\/uploads\/p%C5%AFda.jpg","height":0,"width":0},"url":"https:\/\/www.tukar.cz\/globalni-problemy-ve-spolecnosti\/","about":["Spole\u010dnost"],"wordCount":477,"articleBody":"Co se t\u00fd\u010de probl\u00e9m\u016f na\u0161\u00ed spole\u010dnosti je jich opravdu hodn\u011b. T\u00fdkaj\u00ed se n\u00e1s v\u0161ech. Na\u0161eho cel\u00e9ho spole\u010denstv\u00ed na planet\u011b zemi. Je d\u016fle\u017eit\u00e9 abychom to nebrali na lehkou v\u00e1hu. A aby se o glob\u00e1ln\u00edch probl\u00e9mech hodn\u011b mluvilo. Nejen v novin\u00e1ch, ale tak\u00e9 v televizi. Co su\u017euje na\u0161\u00ed spole\u010dnost je obrovsk\u00e9 zne\u010di\u0161t\u011bn\u00ed p\u016fdy. U\u017e se d\u00e1vno neobd\u011bl\u00e1v\u00e1 tak jako kdysi. P\u016fda se v\u017edy nech\u00e1vala odpo\u010dinout, aby byla dal\u0161\u00ed rok pln\u00e1 \u017eivin. Za dal\u0161\u00ed co ni\u010d\u00ed na\u0161\u00ed spole\u010dnost jsou v\u00e1lky a konflikty mezi jednotliv\u00fdmi st\u00e1ty. Tak\u00e9 je probl\u00e9m, \u017ee skoro v\u0161echny p\u0159\u00edrodn\u00ed zdroje jsou vy\u010derp\u00e1ny. Pod\u00edvejme se kup\u0159\u00edkladu na ropu. Ropa je z 99 \u00fapln\u011b vyt\u011b\u017een\u00e1. A mus\u00ed se \u0159e\u0161it co s t\u00edm. Jak\u00e9 palivo se bude pou\u017e\u00edvat v budoucnosti? A s t\u00edmhle v\u0161\u00edm souvis\u00ed i ekonomick\u00e9 probl\u00e9my. Pod\u00edvejme se na dne\u0161n\u00ed spory s Ruskem a \u010ceskou republikou. D\u00edky spor\u016fm k n\u00e1m neproud\u00ed \u017e\u00e1dn\u00fd plyn.A nebo za n\u011bkoliksetkr\u00e1t vy\u0161\u0161\u00ed cenu. A s t\u00edm souvis\u00ed i \u0161\u00edlen\u011b vysok\u00e1 inflace. V\u0161e se d\u00edky tomu zvedlo n\u011bkolikr\u00e1t. Mzdy, ale bohu\u017eel po\u0159\u00e1d z\u016fst\u00e1vaj\u00ed stejn\u00e9. A my v\u0161ichni potom m\u00e1me probl\u00e9my s placen\u00edm. Tak\u00e9 obrovsk\u00e1 t\u011b\u017eba a k\u00e1cen\u00ed strom\u016f nejen v rovn\u00edkov\u00e9 oblasti. Ale tak\u00e9 ni\u010den\u00ed prales\u016f. A pot\u00e9 na to navazuj\u00edc\u00ed vym\u00edr\u00e1n\u00ed zv\u00ed\u0159at. A rozpad na\u0161eho cel\u00e9ho ekosyst\u00e9mu. Za dal\u0161\u00ed probl\u00e9m pova\u017euji st\u00e1le v\u011bt\u0161\u00ed d\u00edry v atmosf\u00e9\u0159e. A v\u011bt\u0161\u00ed a v\u011bt\u0161\u00ed zne\u010di\u0161t\u011bn\u00ed v\u0161ude okolo n\u00e1s. Jak j\u00edzdou auty nebo letadly. A neust\u00e1lou t\u011b\u017ebou nerostn\u00fdch surovin. Dokud nen\u00ed vy\u010derp\u00e1no \u00fapln\u011b v\u0161e. Po n\u00e1s potopa se \u0159\u00edk\u00e1.V\u0161e souvis\u00ed se v\u0161\u00edm. A ano dot\u00fdk\u00e1 se to i na\u0161\u00ed spole\u010dnosti. Sklen\u00edkov\u00fd efekt je st\u00e1le v\u011bt\u0161\u00ed a roz\u0161i\u0159uje se. A m\u00e1 za n\u00e1sledek zm\u011bny klimatu. A to i u n\u00e1s se zvy\u0161uj\u00ed teplotn\u00ed rekordy a sucho je extr\u00e9mn\u00ed. Sr\u00e1\u017eek u\u017e nen\u00ed tolik a de\u0161\u0165ov\u00e1 voda nem\u00e1 kam odt\u00e9kat. Hladina spodn\u00edch vod kles\u00e1 a doch\u00e1z\u00ed t\u00edm k \u00fapln\u00e9mu vymizen\u00ed z\u00e1sob. Tak\u00e9 hladomor a negramotnost populace je probl\u00e9m. Negramotn\u00fdch je v\u00edce ne\u017e gramotn\u00fdch. A tak\u00e9 st\u00e1rnut\u00ed na\u0161\u00ed spole\u010dnosti v d\u016fsledku n\u00edzk\u00e9ho po\u010dtu narozen\u00fdch d\u011bt\u00ed. Je d\u016fle\u017eit\u00e9 s t\u00edm n\u011bco d\u011blat. A to co nejd\u0159\u00edve d\u00e1t v\u0161e do po\u0159\u00e1dku.\u00a0                                                                                                                                                                                                                                                                                                                                                                                                "},{"@context":"https:\/\/schema.org\/","@type":"BreadcrumbList","itemListElement":[{"@type":"ListItem","position":1,"name":"Glob\u00e1ln\u00ed probl\u00e9my ve spole\u010dnosti","item":"https:\/\/www.tukar.cz\/globalni-problemy-ve-spolecnosti\/#breadcrumbitem"}]}]