[{"@context":"https:\/\/schema.org\/","@type":"Article","@id":"https:\/\/www.tukar.cz\/co-nevi-veda\/#Article","mainEntityOfPage":"https:\/\/www.tukar.cz\/co-nevi-veda\/","headline":"Co nev\u00ed v\u011bda","name":"Co nev\u00ed v\u011bda","description":"V\u017edycky jsem si \u0159\u00edkala, \u017ee bych cht\u011bla b\u00fdt v\u011bdkyn\u011b. Ale v\u016fbec si to nedok\u00e1\u017eu vysv\u011btlit pro\u010d p\u0159esn\u011b. Mo\u017en\u00e1 zv\u011bdavost? Nebo je to t\u00edm, \u017ee jsem vyr\u016fstala v rodin\u011b, kde se v\u0161ichni zaj\u00edmali o v\u011bdu. Ale ne [&hellip;]","datePublished":"2022-04-22","dateModified":"2023-05-02","author":{"@type":"Person","@id":"https:\/\/www.tukar.cz\/author\/#Person","name":"","url":"https:\/\/www.tukar.cz\/author\/","identifier":1,"image":{"@type":"ImageObject","@id":"https:\/\/secure.gravatar.com\/avatar\/087c2e57f451bc02fa8017914855d7c40cf6c7d5dc1637b868e007adc26322d1?s=96&d=mm&r=g","url":"https:\/\/secure.gravatar.com\/avatar\/087c2e57f451bc02fa8017914855d7c40cf6c7d5dc1637b868e007adc26322d1?s=96&d=mm&r=g","height":96,"width":96}},"publisher":{"@type":"Organization","name":"tukar.cz","logo":{"@type":"ImageObject","@id":"\/logo.png","url":"\/logo.png","width":600,"height":60}},"image":{"@type":"ImageObject","@id":"https:\/\/www.tukar.cz\/wp-content\/uploads\/albert-einstein-1167031_960_720.jpg","url":"https:\/\/www.tukar.cz\/wp-content\/uploads\/albert-einstein-1167031_960_720.jpg","height":0,"width":0},"url":"https:\/\/www.tukar.cz\/co-nevi-veda\/","about":["V\u011bda"],"wordCount":442,"articleBody":"V\u017edycky jsem si \u0159\u00edkala, \u017ee bych cht\u011bla b\u00fdt v\u011bdkyn\u011b. Ale v\u016fbec si to nedok\u00e1\u017eu vysv\u011btlit pro\u010d p\u0159esn\u011b. Mo\u017en\u00e1 zv\u011bdavost? Nebo je to t\u00edm, \u017ee jsem vyr\u016fstala v rodin\u011b, kde se v\u0161ichni zaj\u00edmali o v\u011bdu. Ale ne tak o v\u011bdu, jakou si mysl\u00edte. U n\u00e1s nebyl nikdy \u017e\u00e1dn\u00fd po\u0159\u00e1dn\u00fd v\u011bdec. Sp\u00ed\u0161e takov\u00ed neodborn\u00edci,\u00a0lajci. T\u0159eba moje maminka se velmi zaj\u00edm\u00e1 o to, co se stane s \u010dlov\u011bkem, kdy\u017e zem\u0159e. V\u011b\u0159\u00edte v\u016fbec na to, \u017ee existuje dal\u0161\u00ed posmrtn\u00fd \u017eivot? Podle m\u011b je to velk\u00e1 v\u011bda, proto\u017ee si s t\u00edm nev\u00edm samoz\u0159ejm\u011b rady. Tu\u0161ila jsem, jestli opravdu posmrtn\u00fd \u017eivot existuje. Co si o tom mysl\u00edte vy? A kdy\u017e si o tom t\u0159eba nic nap\u0159\u00edklad nemysl\u00edte anebo nev\u00edte, tak p\u0159eci mus\u00edte m\u00edt n\u011bjak\u00e9 tu\u0161en\u00ed, \u017ee n\u011bco b\u00fdt mus\u00ed. Nebo ne?Nebo vy si mysl\u00edte, \u017ee kdy\u017e \u010dlov\u011bk zem\u0159e, \u017ee u\u017e v\u016fbec nic nen\u00ed? \u017de se \u010dlov\u011bk jenom tak vypa\u0159\u00ed? J\u00e1 v\u00edm, \u017ee tohle zn\u00ed n\u011bkdy absurdn\u011b. Jenom\u017ee zat\u00edm mi to \u017e\u00e1dn\u00e1 v\u011bda a ani \u017e\u00e1dn\u00fd v\u011bdec n\u011bjak nevyvr\u00e1tili, ale ani nepotvrdili. Tak\u017ee j\u00e1 bych cht\u011bla opravdu v\u011bd\u011bt, a co se s t\u00edm \u010dlov\u011bkem stane, kdy\u017e zem\u0159e. Jde opravdu jeho du\u0161e do nebe anebo do pekla? To je ot\u00e1zka, na kterou ani v\u011bdec neum\u00ed odpov\u011bd\u011bt. A tohle v\u00edm, proto\u017ee jsem u\u017e m\u011bla n\u011bkolik dotaz\u016f, kter\u00e9 sm\u011b\u0159ovaly pr\u00e1v\u011b k v\u011bdc\u016fm, kte\u0159\u00ed se zab\u00fdvaj\u00ed nadp\u0159irozenem. A mysl\u00edte si v\u016fbec, \u017ee nadp\u0159irozeno a v\u011bda m\u00e1 n\u011bco k sob\u011b? J\u00e1 jsem si v\u017edycky myslela, \u017ee v\u011bda je takov\u00e1, \u017ee m\u00e1 v\u0161echno v\u011bdecky ov\u011b\u0159en\u00e9 a podlo\u017een\u00e9. Nicm\u00e9n\u011b ale posmrtn\u00fd \u017eivot m\u016f\u017ee b\u00fdt taky tak trochu\u00a0scifi. J\u00e1, kdy\u017e to tak vezmu, tak v\u011bda vlastn\u011b nen\u00ed nikdy stoprocentn\u00ed. J\u00e1 bych v\u011bdu uv\u00e1d\u011bla tak na devades\u00e1t dev\u011bt procent. A to jedno procento bych si nech\u00e1vala v z\u00e1loze. Proto\u017ee i l\u00e9ka\u0159i \u0159\u00edkaj\u00ed, \u017ee medic\u00ednsky nen\u00ed nic na sto procent. L\u00e9ka\u0159i v\u017edycky si nech\u00e1vaj\u00ed procento bokem a stranou. Kdyby n\u00e1hodou se n\u011bco stalo, tak a\u0165 pak nejsou z n\u011b\u010deho na\u0159\u010den\u00ed. Nebo vy v\u011b\u0159\u00edte, \u017ee n\u011bco je v\u017edy stoprocentn\u00ed?                                                                                                                                                                                                                                                                                                                                                                                                "},{"@context":"https:\/\/schema.org\/","@type":"BreadcrumbList","itemListElement":[{"@type":"ListItem","position":1,"name":"Co nev\u00ed v\u011bda","item":"https:\/\/www.tukar.cz\/co-nevi-veda\/#breadcrumbitem"}]}]